{"id":1301,"date":"2020-05-14T16:36:08","date_gmt":"2020-05-14T20:36:08","guid":{"rendered":"https:\/\/www2.law.temple.edu\/events\/classof2020\/?p=1301"},"modified":"2020-05-14T16:36:12","modified_gmt":"2020-05-14T20:36:12","slug":"a-message-from-atila-medeiros","status":"publish","type":"post","link":"https:\/\/www2.law.temple.edu\/events\/classof2020\/a-message-from-atila-medeiros\/","title":{"rendered":"A message from Atila Medeiros"},"content":{"rendered":"<p>Vc n\u00e3o tem id\u00e9ia da honra que sinto por estar presente em uma data t\u00e3o especial.<br \/>Muito muito orgulhoso.<\/p>\n\n\n<p><\/p>\n","protected":false},"excerpt":{"rendered":"<p>Vc n\u00e3o tem id\u00e9ia da honra que sinto por estar presente em uma data t\u00e3o especial.<br \/>\nMuito muito orgulhoso. <\/p>\n","protected":false},"author":13,"featured_media":0,"comment_status":"closed","ping_status":"closed","sticky":false,"template":"","format":"quote","meta":[],"categories":[1],"tags":[],"coauthors":[7],"jetpack_featured_media_url":"","_links":{"self":[{"href":"https:\/\/www2.law.temple.edu\/events\/classof2020\/wp-json\/wp\/v2\/posts\/1301"}],"collection":[{"href":"https:\/\/www2.law.temple.edu\/events\/classof2020\/wp-json\/wp\/v2\/posts"}],"about":[{"href":"https:\/\/www2.law.temple.edu\/events\/classof2020\/wp-json\/wp\/v2\/types\/post"}],"author":[{"embeddable":true,"href":"https:\/\/www2.law.temple.edu\/events\/classof2020\/wp-json\/wp\/v2\/users\/13"}],"replies":[{"embeddable":true,"href":"https:\/\/www2.law.temple.edu\/events\/classof2020\/wp-json\/wp\/v2\/comments?post=1301"}],"version-history":[{"count":1,"href":"https:\/\/www2.law.temple.edu\/events\/classof2020\/wp-json\/wp\/v2\/posts\/1301\/revisions"}],"predecessor-version":[{"id":1303,"href":"https:\/\/www2.law.temple.edu\/events\/classof2020\/wp-json\/wp\/v2\/posts\/1301\/revisions\/1303"}],"wp:attachment":[{"href":"https:\/\/www2.law.temple.edu\/events\/classof2020\/wp-json\/wp\/v2\/media?parent=1301"}],"wp:term":[{"taxonomy":"category","embeddable":true,"href":"https:\/\/www2.law.temple.edu\/events\/classof2020\/wp-json\/wp\/v2\/categories?post=1301"},{"taxonomy":"post_tag","embeddable":true,"href":"https:\/\/www2.law.temple.edu\/events\/classof2020\/wp-json\/wp\/v2\/tags?post=1301"},{"taxonomy":"author","embeddable":true,"href":"https:\/\/www2.law.temple.edu\/events\/classof2020\/wp-json\/wp\/v2\/coauthors?post=1301"}],"curies":[{"name":"wp","href":"https:\/\/api.w.org\/{rel}","templated":true}]}}